{"id":1233,"date":"2023-02-15T21:11:17","date_gmt":"2023-02-15T20:11:17","guid":{"rendered":"https:\/\/ceipsanfranciscocajar.es\/?p=1233"},"modified":"2023-02-15T21:11:17","modified_gmt":"2023-02-15T20:11:17","slug":"dia-internacional-del-cancer-infantil","status":"publish","type":"post","link":"https:\/\/ceipsanfranciscocajar.es\/index.php\/2023\/02\/15\/dia-internacional-del-cancer-infantil\/","title":{"rendered":"D\u00eda Internacional del C\u00e1ncer Infantil"},"content":{"rendered":"\n<p>Hoy 15 de febrero se celebra el d\u00eda internacional del c\u00e1ncer infantil y por este motivo nuestro centro ha querido participar en la propuesta de la fundaci\u00f3n Aladina : \u00danete al #pa\u00f1uelo challenge !!!<br>Todos al colegio con un pa\u00f1uelo!<br>Para que los ni\u00f1os\/as con c\u00e1ncer nunca pierdan la sonrisa.<br>Muchas gracias a todos \/as por vuestra participaci\u00f3n.<\/p>\n\n\n\n<figure class=\"wp-block-image size-large is-resized\"><img loading=\"lazy\" src=\"https:\/\/ceipsanfranciscocajar.es\/wp-content\/uploads\/2023\/02\/IMG_20230215_125418-1024x768.jpg\" alt=\"\" class=\"wp-image-1234\" width=\"906\" height=\"680\" srcset=\"https:\/\/ceipsanfranciscocajar.es\/wp-content\/uploads\/2023\/02\/IMG_20230215_125418-1024x768.jpg 1024w, https:\/\/ceipsanfranciscocajar.es\/wp-content\/uploads\/2023\/02\/IMG_20230215_125418-300x225.jpg 300w, https:\/\/ceipsanfranciscocajar.es\/wp-content\/uploads\/2023\/02\/IMG_20230215_125418-768x576.jpg 768w, https:\/\/ceipsanfranciscocajar.es\/wp-content\/uploads\/2023\/02\/IMG_20230215_125418-1536x1152.jpg 1536w, https:\/\/ceipsanfranciscocajar.es\/wp-content\/uploads\/2023\/02\/IMG_20230215_125418-2048x1536.jpg 2048w, https:\/\/ceipsanfranciscocajar.es\/wp-content\/uploads\/2023\/02\/IMG_20230215_125418-800x600.jpg 800w, https:\/\/ceipsanfranciscocajar.es\/wp-content\/uploads\/2023\/02\/IMG_20230215_125418-400x300.jpg 400w\" sizes=\"(max-width: 906px) 100vw, 906px\" \/><\/figure>\n","protected":false},"excerpt":{"rendered":"<p>Hoy 15 de febrero se celebra el d\u00eda internacional del c\u00e1ncer infantil y por este motivo nuestro centro ha querido participar en la propuesta de la fundaci\u00f3n Aladina : \u00danete al #pa\u00f1uelo challenge !!!Todos al colegio con un pa\u00f1uelo!Para que los ni\u00f1os\/as con c\u00e1ncer nunca pierdan la sonrisa.Muchas gracias a todos \/as por vuestra participaci\u00f3n.<\/p>\n","protected":false},"author":3,"featured_media":1235,"comment_status":"open","ping_status":"open","sticky":false,"template":"","format":"standard","meta":[],"categories":[2],"tags":[],"_links":{"self":[{"href":"https:\/\/ceipsanfranciscocajar.es\/index.php\/wp-json\/wp\/v2\/posts\/1233"}],"collection":[{"href":"https:\/\/ceipsanfranciscocajar.es\/index.php\/wp-json\/wp\/v2\/posts"}],"about":[{"href":"https:\/\/ceipsanfranciscocajar.es\/index.php\/wp-json\/wp\/v2\/types\/post"}],"author":[{"embeddable":true,"href":"https:\/\/ceipsanfranciscocajar.es\/index.php\/wp-json\/wp\/v2\/users\/3"}],"replies":[{"embeddable":true,"href":"https:\/\/ceipsanfranciscocajar.es\/index.php\/wp-json\/wp\/v2\/comments?post=1233"}],"version-history":[{"count":1,"href":"https:\/\/ceipsanfranciscocajar.es\/index.php\/wp-json\/wp\/v2\/posts\/1233\/revisions"}],"predecessor-version":[{"id":1236,"href":"https:\/\/ceipsanfranciscocajar.es\/index.php\/wp-json\/wp\/v2\/posts\/1233\/revisions\/1236"}],"wp:featuredmedia":[{"embeddable":true,"href":"https:\/\/ceipsanfranciscocajar.es\/index.php\/wp-json\/wp\/v2\/media\/1235"}],"wp:attachment":[{"href":"https:\/\/ceipsanfranciscocajar.es\/index.php\/wp-json\/wp\/v2\/media?parent=1233"}],"wp:term":[{"taxonomy":"category","embeddable":true,"href":"https:\/\/ceipsanfranciscocajar.es\/index.php\/wp-json\/wp\/v2\/categories?post=1233"},{"taxonomy":"post_tag","embeddable":true,"href":"https:\/\/ceipsanfranciscocajar.es\/index.php\/wp-json\/wp\/v2\/tags?post=1233"}],"curies":[{"name":"wp","href":"https:\/\/api.w.org\/{rel}","templated":true}]}}