{"id":281,"date":"2020-10-13T00:01:23","date_gmt":"2020-10-13T00:01:23","guid":{"rendered":"http:\/\/ceipsanfranciscocajar.es\/?p=281"},"modified":"2020-10-13T00:01:23","modified_gmt":"2020-10-13T00:01:23","slug":"informacion-de-comienzo-de-curso","status":"publish","type":"post","link":"https:\/\/ceipsanfranciscocajar.es\/index.php\/2020\/10\/13\/informacion-de-comienzo-de-curso\/","title":{"rendered":"Informaci\u00f3n de comienzo de curso"},"content":{"rendered":"\n<span class=\"su-dropcap su-dropcap-style-flat\" style=\"font-size:2em\">E<\/span>stimadas familias:<\/p>\n\n\n\n<p>Espero que est\u00e9is bien y hay\u00e1is disfrutado de este at\u00edpico verano de la mejor manera posible. Ya se acerca la vuelta al cole y quer\u00eda comentaros algunas cosillas, sobre todo, trasmitiros la informaci\u00f3n de todo lo que estamos preparando para el inicio de las clases.<\/p>\n\n\n\n<span class=\"su-dropcap su-dropcap-style-flat\" style=\"font-size:2em\">E<\/span>n el mes de julio la Consejer\u00eda nos mand\u00f3 unas instrucciones para elaborar un protocolo covid-19 para adaptar y aplicar las medidas de seguridad e higiene que dicta el Ministerio de Sanidad en el que est\u00e1 el uso obligatorio de mascarillas, la higiene de manos y la distancia social de al menos 1,5 metros, junto con la ventilaci\u00f3n de las aulas y reforzar la limpieza del centro.<\/p>\n\n\n\n<span class=\"su-dropcap su-dropcap-style-flat\" style=\"font-size:2em\">E<\/span>n la primera semana de septiembre nos reuniremos la comisi\u00f3n Covid-19 para revisar este protocolo y una vez aprobado publicarlo para que lo pueda consultar toda la Comunidad Educativa. Es mi intenci\u00f3n tener una reuni\u00f3n con lo<a href=\"mailto:l@s\">s<\/a>\/as delegados de padres-madres para explicaros el protocolo ya sea de manera presencial o telem\u00e1tica. Lo fundamental del mismo es, a parte de las medidas anteriormente citadas, la habilitaci\u00f3n de tres entradas para evitar la aglomeraci\u00f3n en las entradas y salidas al centro. Las familias esperar\u00e1n a sus hijos\/as en la salida del colegio en el cual tambi\u00e9n intentaremos establecer tres zonas para evitar aglomeraciones. Los recreos se har\u00e1n para el alumnado de primaria en el polideportivo, ya que es un espacio m\u00e1s amplio y podemos garantizar la distancia entre los grupos. Los alumnos\/as solo se relacionar\u00e1n con los compa\u00f1eros\/as de su clase y en el recreo con los de su mismo nivel, no habr\u00e1 actividades de gran grupo ni salidas. Es una pena, pero este curso va a ser muy diferente a los dem\u00e1s.<\/p>\n\n\n\n<span class=\"su-dropcap su-dropcap-style-flat\" style=\"font-size:2em\">E<\/span>s cierto que a todos nos asusta la vuelta al cole, pero tenemos que ser responsables en el cumplimiento de las normas y pensar que juntos podremos salir, espero que dentro de poco, de esta situaci\u00f3n. Ante todo os pido comprensi\u00f3n y responsabilidad.<\/p>\n\n\n\n<p>Quiero dar las gracias al Ayuntamiento que nos est\u00e1 ayudando en todos estos cambios, con la cesi\u00f3n del polideportivo, la incorporaci\u00f3n del personal de limpieza extra, colocaci\u00f3n de dispensadores de jab\u00f3n\u2026..etc.<\/p>\n\n\n\n<p>Sabemos que en estos primeros d\u00edas nos van a ir dando nuevas instrucciones y os las ir\u00e9 comunicando en cuanto haya novedades.<\/p>\n\n\n\n<p>El inicio de curso ser\u00e1 el dia 10 en horario flexible que ya os comunicar\u00e9.<\/p>\n\n\n\n<p>A partir del d\u00eda 1 os seguimos atendiendo en el tel\u00e9fono <strong>958 89 31 73<\/strong> y en el correo electr\u00f3nico <a href=\"mailto:ceipsanfrancisco@gmail.com\">ceipsanfrancisco@gmail.com<\/a>.<\/p>\n\n\n\n<p>Una vez m\u00e1s trasmitiros \u00e1nimo y fuerza.<\/p>\n\n\n\n<p>Nos vemos pronto.<\/p>\n\n\n\n<p class=\"has-text-align-right has-vivid-red-color has-text-color\"><strong>Clara M\u00aa Lara L\u00f3pez<\/strong><\/p>\n","protected":false},"excerpt":{"rendered":"<p>En la primera semana de septiembre nos reuniremos la comisi\u00f3n Covid-19 para revisar este protocolo y una vez aprobado publicarlo para que lo pueda consultar toda la Comunidad Educativa. Es mi intenci\u00f3n tener una reuni\u00f3n con los\/as delegados de padres-madres para explicaros el protocolo ya sea de manera presencial o telem\u00e1tica.<\/p>\n","protected":false},"author":1,"featured_media":286,"comment_status":"open","ping_status":"open","sticky":false,"template":"","format":"standard","meta":[],"categories":[6],"tags":[],"_links":{"self":[{"href":"https:\/\/ceipsanfranciscocajar.es\/index.php\/wp-json\/wp\/v2\/posts\/281"}],"collection":[{"href":"https:\/\/ceipsanfranciscocajar.es\/index.php\/wp-json\/wp\/v2\/posts"}],"about":[{"href":"https:\/\/ceipsanfranciscocajar.es\/index.php\/wp-json\/wp\/v2\/types\/post"}],"author":[{"embeddable":true,"href":"https:\/\/ceipsanfranciscocajar.es\/index.php\/wp-json\/wp\/v2\/users\/1"}],"replies":[{"embeddable":true,"href":"https:\/\/ceipsanfranciscocajar.es\/index.php\/wp-json\/wp\/v2\/comments?post=281"}],"version-history":[{"count":2,"href":"https:\/\/ceipsanfranciscocajar.es\/index.php\/wp-json\/wp\/v2\/posts\/281\/revisions"}],"predecessor-version":[{"id":284,"href":"https:\/\/ceipsanfranciscocajar.es\/index.php\/wp-json\/wp\/v2\/posts\/281\/revisions\/284"}],"wp:featuredmedia":[{"embeddable":true,"href":"https:\/\/ceipsanfranciscocajar.es\/index.php\/wp-json\/wp\/v2\/media\/286"}],"wp:attachment":[{"href":"https:\/\/ceipsanfranciscocajar.es\/index.php\/wp-json\/wp\/v2\/media?parent=281"}],"wp:term":[{"taxonomy":"category","embeddable":true,"href":"https:\/\/ceipsanfranciscocajar.es\/index.php\/wp-json\/wp\/v2\/categories?post=281"},{"taxonomy":"post_tag","embeddable":true,"href":"https:\/\/ceipsanfranciscocajar.es\/index.php\/wp-json\/wp\/v2\/tags?post=281"}],"curies":[{"name":"wp","href":"https:\/\/api.w.org\/{rel}","templated":true}]}}