{"id":502,"date":"2020-10-21T10:15:58","date_gmt":"2020-10-21T08:15:58","guid":{"rendered":"https:\/\/ceipsanfranciscocajar.es\/?p=502"},"modified":"2020-11-12T19:12:47","modified_gmt":"2020-11-12T18:12:47","slug":"dia-del-lavado-de-manos","status":"publish","type":"post","link":"https:\/\/ceipsanfranciscocajar.es\/index.php\/2020\/10\/21\/dia-del-lavado-de-manos\/","title":{"rendered":"D\u00eda del lavado de manos"},"content":{"rendered":"\n<span class=\"su-dropcap su-dropcap-style-flat\" style=\"font-size:2em\">A<\/span>yer se celebraba el d\u00eda Mundial del Lavado de manos. Desde el proyecto \u00abEl camino de Piefcitos, por una EF saludable y Sostenible\u00bbdel cu\u00e1l forma parte la se\u00f1o Emi y su clase, se ha celebrado este d\u00eda en el cole.<\/p>\n\n\n\n<figure class=\"wp-block-image size-large is-resized\"><img loading=\"lazy\" src=\"https:\/\/ceipsanfranciscocajar.es\/wp-content\/uploads\/2020\/10\/3164-imagen-lavado_manos.jpg\" alt=\"\" class=\"wp-image-503\" width=\"471\" height=\"282\" srcset=\"https:\/\/ceipsanfranciscocajar.es\/wp-content\/uploads\/2020\/10\/3164-imagen-lavado_manos.jpg 675w, https:\/\/ceipsanfranciscocajar.es\/wp-content\/uploads\/2020\/10\/3164-imagen-lavado_manos-300x180.jpg 300w\" sizes=\"(max-width: 471px) 100vw, 471px\" \/><\/figure>\n\n\n\n<figure class=\"wp-block-embed-youtube aligncenter wp-block-embed is-type-video is-provider-youtube wp-embed-aspect-16-9 wp-has-aspect-ratio\"><div class=\"wp-block-embed__wrapper\">\n<iframe title=\"Video lavado de manos\" width=\"500\" height=\"281\" src=\"https:\/\/www.youtube.com\/embed\/Zi0nHaGdlZg?feature=oembed\" frameborder=\"0\" allow=\"accelerometer; autoplay; clipboard-write; encrypted-media; gyroscope; picture-in-picture\" allowfullscreen><\/iframe>\n<\/div><figcaption>V\u00eddeo elaborado por la profesora Emi<\/figcaption><\/figure>\n","protected":false},"excerpt":{"rendered":"<p>El cole celebr\u00f3 el d\u00eda del lavado de manos<\/p>\n","protected":false},"author":2,"featured_media":503,"comment_status":"open","ping_status":"open","sticky":false,"template":"","format":"standard","meta":[],"categories":[2],"tags":[],"_links":{"self":[{"href":"https:\/\/ceipsanfranciscocajar.es\/index.php\/wp-json\/wp\/v2\/posts\/502"}],"collection":[{"href":"https:\/\/ceipsanfranciscocajar.es\/index.php\/wp-json\/wp\/v2\/posts"}],"about":[{"href":"https:\/\/ceipsanfranciscocajar.es\/index.php\/wp-json\/wp\/v2\/types\/post"}],"author":[{"embeddable":true,"href":"https:\/\/ceipsanfranciscocajar.es\/index.php\/wp-json\/wp\/v2\/users\/2"}],"replies":[{"embeddable":true,"href":"https:\/\/ceipsanfranciscocajar.es\/index.php\/wp-json\/wp\/v2\/comments?post=502"}],"version-history":[{"count":6,"href":"https:\/\/ceipsanfranciscocajar.es\/index.php\/wp-json\/wp\/v2\/posts\/502\/revisions"}],"predecessor-version":[{"id":659,"href":"https:\/\/ceipsanfranciscocajar.es\/index.php\/wp-json\/wp\/v2\/posts\/502\/revisions\/659"}],"wp:featuredmedia":[{"embeddable":true,"href":"https:\/\/ceipsanfranciscocajar.es\/index.php\/wp-json\/wp\/v2\/media\/503"}],"wp:attachment":[{"href":"https:\/\/ceipsanfranciscocajar.es\/index.php\/wp-json\/wp\/v2\/media?parent=502"}],"wp:term":[{"taxonomy":"category","embeddable":true,"href":"https:\/\/ceipsanfranciscocajar.es\/index.php\/wp-json\/wp\/v2\/categories?post=502"},{"taxonomy":"post_tag","embeddable":true,"href":"https:\/\/ceipsanfranciscocajar.es\/index.php\/wp-json\/wp\/v2\/tags?post=502"}],"curies":[{"name":"wp","href":"https:\/\/api.w.org\/{rel}","templated":true}]}}