{"id":684,"date":"2020-11-12T19:24:24","date_gmt":"2020-11-12T18:24:24","guid":{"rendered":"https:\/\/ceipsanfranciscocajar.es\/?p=684"},"modified":"2020-11-30T22:27:11","modified_gmt":"2020-11-30T21:27:11","slug":"curriculo-integrado-de-las-lenguas-cil-2","status":"publish","type":"post","link":"https:\/\/ceipsanfranciscocajar.es\/index.php\/2020\/11\/12\/curriculo-integrado-de-las-lenguas-cil-2\/","title":{"rendered":"Curr\u00edculo Integrado de las Lenguas (CIL)"},"content":{"rendered":"\n<figure class=\"wp-block-image size-large\"><a href=\"https:\/\/view.genial.ly\/5fa175bf8519011e966a92ed\/game-action-cil-ceip-san-francisco\"><img loading=\"lazy\" width=\"1024\" height=\"454\" src=\"https:\/\/ceipsanfranciscocajar.es\/wp-content\/uploads\/2020\/11\/CIL-1024x454.jpg\" alt=\"\" class=\"wp-image-676\" srcset=\"https:\/\/ceipsanfranciscocajar.es\/wp-content\/uploads\/2020\/11\/CIL-1024x454.jpg 1024w, https:\/\/ceipsanfranciscocajar.es\/wp-content\/uploads\/2020\/11\/CIL-300x133.jpg 300w, https:\/\/ceipsanfranciscocajar.es\/wp-content\/uploads\/2020\/11\/CIL-768x340.jpg 768w, https:\/\/ceipsanfranciscocajar.es\/wp-content\/uploads\/2020\/11\/CIL-1536x681.jpg 1536w, https:\/\/ceipsanfranciscocajar.es\/wp-content\/uploads\/2020\/11\/CIL-2048x908.jpg 2048w, https:\/\/ceipsanfranciscocajar.es\/wp-content\/uploads\/2020\/11\/CIL-800x355.jpg 800w\" sizes=\"(max-width: 1024px) 100vw, 1024px\" \/><\/a><figcaption>Curr\u00edculo Integrado de las Lenguas<\/figcaption><\/figure>\n\n\n\n<p>El Curr\u00edculo Integrado de las Lenguas (CIL)&nbsp;pretende desarrollar las competencias pluriling\u00fce y&nbsp;pluricultural como elementos b\u00e1sicos constitutivos de toda comunicaci\u00f3n en el espacio com\u00fan&nbsp;europeo.&nbsp;Es un valor educativo basado en el inter\u00e9s y la utilidad ling\u00fc\u00edstica. El Curr\u00edculo Integrado de las Lenguas&nbsp;deber\u00e1 conllevar el an\u00e1lisis de los medios para conseguir :<\/p>\n\n\n\n<p>\u2013Permitir un mejor dominio del c\u00f3digo oral y escrito.<\/p>\n\n\n\n<p>\u2013Dar a conocer el patrimonio de las Lenguas Europeas.<\/p>\n\n\n\n<p>\u2013&nbsp;Desarrollar la creatividad verbal y no verbal.<\/p>\n\n\n\n<p>\u2013Una aproximaci\u00f3n a los textos literarios.<\/p>\n\n\n\n<p>\u2013Conocer, a trav\u00e9s de sus respectivas Lenguas, otras culturas y sociedades.<\/p>\n","protected":false},"excerpt":{"rendered":"<p>El Curr\u00edculo Integrado de las Lenguas (CIL)&nbsp;pretende desarrollar las competencias pluriling\u00fce y&nbsp;pluricultural como elementos b\u00e1sicos constitutivos de toda comunicaci\u00f3n en el espacio com\u00fan&nbsp;europeo.&nbsp;Es un valor educativo basado en el inter\u00e9s y la utilidad ling\u00fc\u00edstica. El Curr\u00edculo Integrado de las Lenguas&nbsp;deber\u00e1 conllevar el an\u00e1lisis de los medios para conseguir : \u2013Permitir un mejor dominio del c\u00f3digo oral y escrito. \u2013Dar a<\/p>\n<p><a class=\"more-link\" href=\"https:\/\/ceipsanfranciscocajar.es\/index.php\/2020\/11\/12\/curriculo-integrado-de-las-lenguas-cil-2\/\">Leer m\u00e1s<\/a><\/p>\n","protected":false},"author":2,"featured_media":676,"comment_status":"open","ping_status":"open","sticky":false,"template":"","format":"standard","meta":[],"categories":[7],"tags":[],"_links":{"self":[{"href":"https:\/\/ceipsanfranciscocajar.es\/index.php\/wp-json\/wp\/v2\/posts\/684"}],"collection":[{"href":"https:\/\/ceipsanfranciscocajar.es\/index.php\/wp-json\/wp\/v2\/posts"}],"about":[{"href":"https:\/\/ceipsanfranciscocajar.es\/index.php\/wp-json\/wp\/v2\/types\/post"}],"author":[{"embeddable":true,"href":"https:\/\/ceipsanfranciscocajar.es\/index.php\/wp-json\/wp\/v2\/users\/2"}],"replies":[{"embeddable":true,"href":"https:\/\/ceipsanfranciscocajar.es\/index.php\/wp-json\/wp\/v2\/comments?post=684"}],"version-history":[{"count":10,"href":"https:\/\/ceipsanfranciscocajar.es\/index.php\/wp-json\/wp\/v2\/posts\/684\/revisions"}],"predecessor-version":[{"id":720,"href":"https:\/\/ceipsanfranciscocajar.es\/index.php\/wp-json\/wp\/v2\/posts\/684\/revisions\/720"}],"wp:featuredmedia":[{"embeddable":true,"href":"https:\/\/ceipsanfranciscocajar.es\/index.php\/wp-json\/wp\/v2\/media\/676"}],"wp:attachment":[{"href":"https:\/\/ceipsanfranciscocajar.es\/index.php\/wp-json\/wp\/v2\/media?parent=684"}],"wp:term":[{"taxonomy":"category","embeddable":true,"href":"https:\/\/ceipsanfranciscocajar.es\/index.php\/wp-json\/wp\/v2\/categories?post=684"},{"taxonomy":"post_tag","embeddable":true,"href":"https:\/\/ceipsanfranciscocajar.es\/index.php\/wp-json\/wp\/v2\/tags?post=684"}],"curies":[{"name":"wp","href":"https:\/\/api.w.org\/{rel}","templated":true}]}}