{"id":715,"date":"2020-11-30T22:25:10","date_gmt":"2020-11-30T21:25:10","guid":{"rendered":"https:\/\/ceipsanfranciscocajar.es\/?p=715"},"modified":"2020-12-21T21:45:46","modified_gmt":"2020-12-21T20:45:46","slug":"el-dia-internacional-de-la-eliminacion-de-la-violencia-contra-la-mujer","status":"publish","type":"post","link":"https:\/\/ceipsanfranciscocajar.es\/index.php\/2020\/11\/30\/el-dia-internacional-de-la-eliminacion-de-la-violencia-contra-la-mujer\/","title":{"rendered":"El D\u00eda Internacional de la Eliminaci\u00f3n de la Violencia contra la Mujer"},"content":{"rendered":"\n<p>El alumnado de Infantil y Primaria ha decorado con hojas moradas y mensajes positivos, los troncos de los \u00e1rboles que se han colocado en los pasillos.<\/p>\n\n\n\n<p>Han trabajado en las aulas el cuento de \u201cAcacia&nbsp; y el viento\u201d.<\/p>\n\n\n\n<p>Se ha realizado una coreograf\u00eda de la canci\u00f3n \u201cUn beso redondo\u201d, lanzando besos&nbsp; a todo el mundo.<\/p>\n\n\n\n<p>Nuestro mensaje a este d\u00eda ha girado en torno a: \u201cEL AMOR ES LA RESPUESTA\u201d.<\/p>\n\n\n\n<p><\/p>\n\n\n\n<p class=\"has-text-align-center\">El primer v\u00eddeo corresponde a E.Primaria y el segundo a E.Infantil<\/p>\n\n\n<div class='iframe-container'><iframe src='https:\/\/drive.google.com\/file\/d\/1D2ALtlOv1D39jHigdO8OHYT3nn7bf6Ei\/preview '><\/iframe><\/div><div class='infovideo'>Si no es posible reproducir el video, pulse en &quot;Abrir en ventana externa&quot;<\/br><\/div>\n\n\n<div class='iframe-container'><iframe src='https:\/\/drive.google.com\/file\/d\/1rt0DY97COl_z0kb3i892bQ5Ri1nGpXRt\/preview '><\/iframe><\/div><div class='infovideo'>Si no es posible reproducir el video, pulse en &quot;Abrir en ventana externa&quot;<\/br><\/div>\n","protected":false},"excerpt":{"rendered":"<p>Como cada a\u00f1o celebramos el El D\u00eda Internacional de la Eliminaci\u00f3n de la Violencia contra la Mujer<\/p>\n","protected":false},"author":2,"featured_media":714,"comment_status":"open","ping_status":"open","sticky":false,"template":"","format":"standard","meta":[],"categories":[2],"tags":[],"_links":{"self":[{"href":"https:\/\/ceipsanfranciscocajar.es\/index.php\/wp-json\/wp\/v2\/posts\/715"}],"collection":[{"href":"https:\/\/ceipsanfranciscocajar.es\/index.php\/wp-json\/wp\/v2\/posts"}],"about":[{"href":"https:\/\/ceipsanfranciscocajar.es\/index.php\/wp-json\/wp\/v2\/types\/post"}],"author":[{"embeddable":true,"href":"https:\/\/ceipsanfranciscocajar.es\/index.php\/wp-json\/wp\/v2\/users\/2"}],"replies":[{"embeddable":true,"href":"https:\/\/ceipsanfranciscocajar.es\/index.php\/wp-json\/wp\/v2\/comments?post=715"}],"version-history":[{"count":6,"href":"https:\/\/ceipsanfranciscocajar.es\/index.php\/wp-json\/wp\/v2\/posts\/715\/revisions"}],"predecessor-version":[{"id":722,"href":"https:\/\/ceipsanfranciscocajar.es\/index.php\/wp-json\/wp\/v2\/posts\/715\/revisions\/722"}],"wp:featuredmedia":[{"embeddable":true,"href":"https:\/\/ceipsanfranciscocajar.es\/index.php\/wp-json\/wp\/v2\/media\/714"}],"wp:attachment":[{"href":"https:\/\/ceipsanfranciscocajar.es\/index.php\/wp-json\/wp\/v2\/media?parent=715"}],"wp:term":[{"taxonomy":"category","embeddable":true,"href":"https:\/\/ceipsanfranciscocajar.es\/index.php\/wp-json\/wp\/v2\/categories?post=715"},{"taxonomy":"post_tag","embeddable":true,"href":"https:\/\/ceipsanfranciscocajar.es\/index.php\/wp-json\/wp\/v2\/tags?post=715"}],"curies":[{"name":"wp","href":"https:\/\/api.w.org\/{rel}","templated":true}]}}