{"id":787,"date":"2021-02-01T21:13:01","date_gmt":"2021-02-01T20:13:01","guid":{"rendered":"https:\/\/ceipsanfranciscocajar.es\/?p=787"},"modified":"2021-03-03T12:05:39","modified_gmt":"2021-03-03T11:05:39","slug":"dia-escolar-de-la-no-violencia-y-la-paz","status":"publish","type":"post","link":"https:\/\/ceipsanfranciscocajar.es\/index.php\/2021\/02\/01\/dia-escolar-de-la-no-violencia-y-la-paz\/","title":{"rendered":"30 de enero. D\u00eda Escolar de la No Violencia y la Paz"},"content":{"rendered":"\n<p>Continuando con el plan&nbsp; de actividades complementarias elaborado por el centro, el tercer ciclo, ha programado las correspondientes al d\u00eda de la Paz.<\/p>\n\n\n\n<p>Todos los niveles han visualizado v\u00eddeos y escuchado canciones relacionadas con la no violencia. Cada ciclo ha decorado una paloma para la confecci\u00f3n de una \u201ccorona\u201d de Paz y realizado actividades en el aula.<\/p>\n\n\n\n<p>Se ha confeccionado un mural con dos manos unidas y rellenas con fotos de todos los alumnos a modo de \u201ccollage\u201d. El mural lleva el lema \u201cLove is the solutions\u201d.<\/p>\n\n\n\n<p>Los alumnos de 6\u00ba, ha expuesto al resto de compa\u00f1eros,&nbsp; el cuadro \u201cEl Guernica\u201d de Picasso, junto con la biograf\u00eda de su&nbsp; autor. Cuadro asociado a la violencia de la Guerra Civil espa\u00f1ola.<\/p>\n\n\n\n<p>Se ha grabado un video con coreograf\u00edas participando todos los alumnos del centro.<\/p>\n\n\n<div class='iframe-container'><iframe src='https:\/\/drive.google.com\/file\/d\/1VeR-XclIq5ZIQ74CVnUqbn3Ww5eFqJbu\/preview '><\/iframe><\/div><div class='infovideo'>Si no es posible reproducir el video, pulse en &quot;Abrir en ventana externa&quot;<\/br><\/div>\n\n\n\n<p><\/p>\n","protected":false},"excerpt":{"rendered":"<p>Continuando con el plan&nbsp; de actividades complementarias elaborado por el centro, el tercer ciclo, ha programado las correspondientes al d\u00eda de la Paz. Todos los niveles han visualizado v\u00eddeos y escuchado canciones relacionadas con la no violencia. Cada ciclo ha decorado una paloma para la confecci\u00f3n de una \u201ccorona\u201d de Paz y realizado actividades en el aula. Se ha confeccionado<\/p>\n<p><a class=\"more-link\" href=\"https:\/\/ceipsanfranciscocajar.es\/index.php\/2021\/02\/01\/dia-escolar-de-la-no-violencia-y-la-paz\/\">Leer m\u00e1s<\/a><\/p>\n","protected":false},"author":2,"featured_media":789,"comment_status":"open","ping_status":"open","sticky":false,"template":"","format":"standard","meta":[],"categories":[2],"tags":[],"_links":{"self":[{"href":"https:\/\/ceipsanfranciscocajar.es\/index.php\/wp-json\/wp\/v2\/posts\/787"}],"collection":[{"href":"https:\/\/ceipsanfranciscocajar.es\/index.php\/wp-json\/wp\/v2\/posts"}],"about":[{"href":"https:\/\/ceipsanfranciscocajar.es\/index.php\/wp-json\/wp\/v2\/types\/post"}],"author":[{"embeddable":true,"href":"https:\/\/ceipsanfranciscocajar.es\/index.php\/wp-json\/wp\/v2\/users\/2"}],"replies":[{"embeddable":true,"href":"https:\/\/ceipsanfranciscocajar.es\/index.php\/wp-json\/wp\/v2\/comments?post=787"}],"version-history":[{"count":4,"href":"https:\/\/ceipsanfranciscocajar.es\/index.php\/wp-json\/wp\/v2\/posts\/787\/revisions"}],"predecessor-version":[{"id":792,"href":"https:\/\/ceipsanfranciscocajar.es\/index.php\/wp-json\/wp\/v2\/posts\/787\/revisions\/792"}],"wp:featuredmedia":[{"embeddable":true,"href":"https:\/\/ceipsanfranciscocajar.es\/index.php\/wp-json\/wp\/v2\/media\/789"}],"wp:attachment":[{"href":"https:\/\/ceipsanfranciscocajar.es\/index.php\/wp-json\/wp\/v2\/media?parent=787"}],"wp:term":[{"taxonomy":"category","embeddable":true,"href":"https:\/\/ceipsanfranciscocajar.es\/index.php\/wp-json\/wp\/v2\/categories?post=787"},{"taxonomy":"post_tag","embeddable":true,"href":"https:\/\/ceipsanfranciscocajar.es\/index.php\/wp-json\/wp\/v2\/tags?post=787"}],"curies":[{"name":"wp","href":"https:\/\/api.w.org\/{rel}","templated":true}]}}