{"id":794,"date":"2021-02-14T20:54:43","date_gmt":"2021-02-14T19:54:43","guid":{"rendered":"https:\/\/ceipsanfranciscocajar.es\/?p=794"},"modified":"2021-04-21T09:51:57","modified_gmt":"2021-04-21T07:51:57","slug":"carnaval-2021","status":"publish","type":"post","link":"https:\/\/ceipsanfranciscocajar.es\/index.php\/2021\/02\/14\/carnaval-2021\/","title":{"rendered":"Carnaval 2021"},"content":{"rendered":"\n<p>Este a\u00f1o tan distinto, hemos querido que los alumnos del cole vivan un carnaval estupendo, con disfraces, pasacalles, m\u00fasica, baile y un concurso de m\u00e1scaras.<br>Adem\u00e1s el alumnado de Infantil ha disfrutado desfilando por la alfombra roja al estilo de los famosos!!!<br>Gracias por colaborar con vuestros hijos en hacer un d\u00eda especial.<\/p>\n\n\n\n<p class=\"has-text-align-center has-black-color has-text-color\"> Para ver todas las fotos <a rel=\"noreferrer noopener\" href=\"https:\/\/drive.google.com\/drive\/folders\/1jUffVR9bfdNC3NTbSmYkLyFv2054BcnQ?usp=sharing\" target=\"_blank\">PINCHA AQU\u00cd<\/a>:<\/p>\n\n\n\n<p class=\"has-text-align-center has-vivid-red-color has-text-color\"><\/p>\n\n\n<div class='iframe-container'><iframe src='https:\/\/drive.google.com\/file\/d\/15an075rb9tf8CNcA-pqsuI3McLF8zx9H\/preview '><\/iframe><\/div><div class='infovideo'>Si no es posible reproducir el video, pulse en &quot;Abrir en ventana externa&quot;<\/br><\/div>\n\n\n\n<p><\/p>\n","protected":false},"excerpt":{"rendered":"<p>Este a\u00f1o tan distinto, hemos querido que los alumnos del cole vivan un carnaval estupendo, con disfraces, pasacalles, m\u00fasica, baile y un concurso de m\u00e1scaras.Adem\u00e1s el alumnado de Infantil ha disfrutado desfilando por la alfombra roja al estilo de los famosos!!!Gracias por colaborar con vuestros hijos en hacer un d\u00eda especial. Para ver todas las fotos PINCHA AQU\u00cd:<\/p>\n","protected":false},"author":2,"featured_media":795,"comment_status":"open","ping_status":"open","sticky":false,"template":"","format":"standard","meta":[],"categories":[2],"tags":[],"_links":{"self":[{"href":"https:\/\/ceipsanfranciscocajar.es\/index.php\/wp-json\/wp\/v2\/posts\/794"}],"collection":[{"href":"https:\/\/ceipsanfranciscocajar.es\/index.php\/wp-json\/wp\/v2\/posts"}],"about":[{"href":"https:\/\/ceipsanfranciscocajar.es\/index.php\/wp-json\/wp\/v2\/types\/post"}],"author":[{"embeddable":true,"href":"https:\/\/ceipsanfranciscocajar.es\/index.php\/wp-json\/wp\/v2\/users\/2"}],"replies":[{"embeddable":true,"href":"https:\/\/ceipsanfranciscocajar.es\/index.php\/wp-json\/wp\/v2\/comments?post=794"}],"version-history":[{"count":8,"href":"https:\/\/ceipsanfranciscocajar.es\/index.php\/wp-json\/wp\/v2\/posts\/794\/revisions"}],"predecessor-version":[{"id":805,"href":"https:\/\/ceipsanfranciscocajar.es\/index.php\/wp-json\/wp\/v2\/posts\/794\/revisions\/805"}],"wp:featuredmedia":[{"embeddable":true,"href":"https:\/\/ceipsanfranciscocajar.es\/index.php\/wp-json\/wp\/v2\/media\/795"}],"wp:attachment":[{"href":"https:\/\/ceipsanfranciscocajar.es\/index.php\/wp-json\/wp\/v2\/media?parent=794"}],"wp:term":[{"taxonomy":"category","embeddable":true,"href":"https:\/\/ceipsanfranciscocajar.es\/index.php\/wp-json\/wp\/v2\/categories?post=794"},{"taxonomy":"post_tag","embeddable":true,"href":"https:\/\/ceipsanfranciscocajar.es\/index.php\/wp-json\/wp\/v2\/tags?post=794"}],"curies":[{"name":"wp","href":"https:\/\/api.w.org\/{rel}","templated":true}]}}