{"id":861,"date":"2021-04-21T09:50:05","date_gmt":"2021-04-21T07:50:05","guid":{"rendered":"https:\/\/ceipsanfranciscocajar.es\/?p=861"},"modified":"2021-05-26T10:35:48","modified_gmt":"2021-05-26T08:35:48","slug":"celebracion-del-dia-de-andalucia","status":"publish","type":"post","link":"https:\/\/ceipsanfranciscocajar.es\/index.php\/2021\/04\/21\/celebracion-del-dia-de-andalucia\/","title":{"rendered":"Celebraci\u00f3n del D\u00eda de Andaluc\u00eda"},"content":{"rendered":"\n<p>Un a\u00f1o m\u00e1s el CEIP San Francisco de C\u00e1jar ha celebrado el D\u00eda De Andaluc\u00eda, d\u00eda muy significativo en nuestra comunidad. A lo largo de esta semana el alumnado ha confeccionado una visera con el mapa de Andaluc\u00eda, han recabado informaci\u00f3n sobre personajes ilustres andaluces y realizado un azulejo granadino con el nombre del personaje. Adem\u00e1s han aprendido poes\u00edas y adivinanzas andaluzas.<\/p>\n\n\n\n<p>Esta celebraci\u00f3n ha finalizado en el polideportivo el d\u00eda 26 de febrero con el recital de poes\u00edas y adivinanzas , bailes y canto de himno de Andaluc\u00eda. Como broche a la celebraci\u00f3n hermos bailado unas sevillanas muy flamencas.<\/p>\n\n\n\n<p>Para ver todas las fotos <a href=\"https:\/\/drive.google.com\/drive\/folders\/1ui_ieknl2_UyXowgZUEoB1opiroLsbui?usp=sharing\" data-type=\"URL\" data-id=\"https:\/\/drive.google.com\/drive\/folders\/1ui_ieknl2_UyXowgZUEoB1opiroLsbui?usp=sharing\">PINCHA AQU\u00cd<\/a><\/p>\n\n\n\n<p>i VIVA ANDALUC\u00cdA!<\/p>\n\n\n<div class='iframe-container'><iframe src='https:\/\/drive.google.com\/file\/d\/1L_5BsiHjf7M5VeLCqr9cFUhhEIsVrUp6\/preview '><\/iframe><\/div><div class='infovideo'>Si no es posible reproducir el video, pulse en &quot;Abrir en ventana externa&quot;<\/br><\/div>\n","protected":false},"excerpt":{"rendered":"<p>Celebraci\u00f3n del D\u00eda de Andaluc\u00eda<\/p>\n","protected":false},"author":2,"featured_media":862,"comment_status":"open","ping_status":"open","sticky":false,"template":"","format":"standard","meta":[],"categories":[2],"tags":[],"_links":{"self":[{"href":"https:\/\/ceipsanfranciscocajar.es\/index.php\/wp-json\/wp\/v2\/posts\/861"}],"collection":[{"href":"https:\/\/ceipsanfranciscocajar.es\/index.php\/wp-json\/wp\/v2\/posts"}],"about":[{"href":"https:\/\/ceipsanfranciscocajar.es\/index.php\/wp-json\/wp\/v2\/types\/post"}],"author":[{"embeddable":true,"href":"https:\/\/ceipsanfranciscocajar.es\/index.php\/wp-json\/wp\/v2\/users\/2"}],"replies":[{"embeddable":true,"href":"https:\/\/ceipsanfranciscocajar.es\/index.php\/wp-json\/wp\/v2\/comments?post=861"}],"version-history":[{"count":5,"href":"https:\/\/ceipsanfranciscocajar.es\/index.php\/wp-json\/wp\/v2\/posts\/861\/revisions"}],"predecessor-version":[{"id":880,"href":"https:\/\/ceipsanfranciscocajar.es\/index.php\/wp-json\/wp\/v2\/posts\/861\/revisions\/880"}],"wp:featuredmedia":[{"embeddable":true,"href":"https:\/\/ceipsanfranciscocajar.es\/index.php\/wp-json\/wp\/v2\/media\/862"}],"wp:attachment":[{"href":"https:\/\/ceipsanfranciscocajar.es\/index.php\/wp-json\/wp\/v2\/media?parent=861"}],"wp:term":[{"taxonomy":"category","embeddable":true,"href":"https:\/\/ceipsanfranciscocajar.es\/index.php\/wp-json\/wp\/v2\/categories?post=861"},{"taxonomy":"post_tag","embeddable":true,"href":"https:\/\/ceipsanfranciscocajar.es\/index.php\/wp-json\/wp\/v2\/tags?post=861"}],"curies":[{"name":"wp","href":"https:\/\/api.w.org\/{rel}","templated":true}]}}