{"id":877,"date":"2021-04-28T12:18:05","date_gmt":"2021-04-28T10:18:05","guid":{"rendered":"https:\/\/ceipsanfranciscocajar.es\/?p=877"},"modified":"2021-05-31T13:33:25","modified_gmt":"2021-05-31T11:33:25","slug":"dia-de-la-mujer","status":"publish","type":"post","link":"https:\/\/ceipsanfranciscocajar.es\/index.php\/2021\/04\/28\/dia-de-la-mujer\/","title":{"rendered":"D\u00eda de la Mujer"},"content":{"rendered":"\n<p>Como cada a\u00f1o, hemos celebrado el D\u00eda de la Mujer ( 8 de marzo) realizando las siguientes actividades:<\/p>\n\n\n\n<p>El alumnado de 5\u00ba de Primaria particip\u00f3 en un taller de cuentacuentos en el polideportivo impartido por el personal de Diputaci\u00f3n de Granada y en colaboraci\u00f3n con el Ayuntamiento de C\u00e1jar (\u00e1rea de igualdad).<\/p>\n\n\n\n<p>El alumnado de 6\u00ba de primaria particip\u00f3 en un taller de internet : \u00bf Que ves en Youtube? impartido por el personal de Diputaci\u00f3n de Granada y en colaboraci\u00f3n con el Ayuntamiento de C\u00e1jar (\u00e1rea de igualdad).<\/p>\n\n\n\n<p>La asociaci\u00f3n de mujeres \u201cT\u00e1bula\u201d ha realizado un estudio de las calles con nombres de mujeres y ha realizado carteles con dichos nombres.<\/p>\n\n\n\n<p>Como actividad general en el centro se realizaron diferentes dramatizaciones de tareas del hogar y con el siguiente slogan: \u201cNo pongas excusas para\u2026\u201d. Adem\u00e1s se realiz\u00f3 una coreograf\u00eda donde particip\u00f3 todo el alumnado y llevaron el siguiente cartel: \u201cTODOS A UNA\u201d.<\/p>\n\n\n<div class='iframe-container'><iframe src='https:\/\/drive.google.com\/file\/d\/1xgBDZhcZHIR2kh-_Er8ef4Cltqycs9cr\/preview '><\/iframe><\/div><div class='infovideo'>Si no es posible reproducir el video, pulse en &quot;Abrir en ventana externa&quot;<\/br><\/div>\n","protected":false},"excerpt":{"rendered":"<p>Como cada a\u00f1o, hemos celebrado el D\u00eda de la Mujer ( 8 de marzo) realizando las siguientes actividades: El alumnado de 5\u00ba de Primaria particip\u00f3 en un taller de cuentacuentos en el polideportivo impartido por el personal de Diputaci\u00f3n de Granada y en colaboraci\u00f3n con el Ayuntamiento de C\u00e1jar (\u00e1rea de igualdad). El alumnado de 6\u00ba de primaria particip\u00f3 en<\/p>\n<p><a class=\"more-link\" href=\"https:\/\/ceipsanfranciscocajar.es\/index.php\/2021\/04\/28\/dia-de-la-mujer\/\">Leer m\u00e1s<\/a><\/p>\n","protected":false},"author":2,"featured_media":878,"comment_status":"open","ping_status":"open","sticky":false,"template":"","format":"standard","meta":[],"categories":[2],"tags":[],"_links":{"self":[{"href":"https:\/\/ceipsanfranciscocajar.es\/index.php\/wp-json\/wp\/v2\/posts\/877"}],"collection":[{"href":"https:\/\/ceipsanfranciscocajar.es\/index.php\/wp-json\/wp\/v2\/posts"}],"about":[{"href":"https:\/\/ceipsanfranciscocajar.es\/index.php\/wp-json\/wp\/v2\/types\/post"}],"author":[{"embeddable":true,"href":"https:\/\/ceipsanfranciscocajar.es\/index.php\/wp-json\/wp\/v2\/users\/2"}],"replies":[{"embeddable":true,"href":"https:\/\/ceipsanfranciscocajar.es\/index.php\/wp-json\/wp\/v2\/comments?post=877"}],"version-history":[{"count":4,"href":"https:\/\/ceipsanfranciscocajar.es\/index.php\/wp-json\/wp\/v2\/posts\/877\/revisions"}],"predecessor-version":[{"id":883,"href":"https:\/\/ceipsanfranciscocajar.es\/index.php\/wp-json\/wp\/v2\/posts\/877\/revisions\/883"}],"wp:featuredmedia":[{"embeddable":true,"href":"https:\/\/ceipsanfranciscocajar.es\/index.php\/wp-json\/wp\/v2\/media\/878"}],"wp:attachment":[{"href":"https:\/\/ceipsanfranciscocajar.es\/index.php\/wp-json\/wp\/v2\/media?parent=877"}],"wp:term":[{"taxonomy":"category","embeddable":true,"href":"https:\/\/ceipsanfranciscocajar.es\/index.php\/wp-json\/wp\/v2\/categories?post=877"},{"taxonomy":"post_tag","embeddable":true,"href":"https:\/\/ceipsanfranciscocajar.es\/index.php\/wp-json\/wp\/v2\/tags?post=877"}],"curies":[{"name":"wp","href":"https:\/\/api.w.org\/{rel}","templated":true}]}}