{"id":885,"date":"2021-05-05T09:57:12","date_gmt":"2021-05-05T07:57:12","guid":{"rendered":"https:\/\/ceipsanfranciscocajar.es\/?p=885"},"modified":"2021-09-15T10:54:36","modified_gmt":"2021-09-15T08:54:36","slug":"dia-del-libro","status":"publish","type":"post","link":"https:\/\/ceipsanfranciscocajar.es\/index.php\/2021\/05\/05\/dia-del-libro\/","title":{"rendered":"D\u00eda del libro"},"content":{"rendered":"\n<p>Durante la semana del 19 al 23 de abril, la comunidad educativa del CEIP San Francisco, ha programado diversas actividades para conmemorar el D\u00eda del Libro.<br>Desde la biblioteca del centro, se ha realizado un gran mural, con un libro gigante del que fluyen cientos de t\u00edtulos de libros aportados por todos los alumnos. Dichos libros contienen, adem\u00e1s de ilustraciones, frases motivadoras para inducir a su lectura.<br>Coincidiendo con el D\u00eda de la Tierra, y a trav\u00e9s del proyecto \u201clectura y natura\u201d se han realizado diversas salidas al entorno pr\u00f3ximo para leer en la naturaleza y reflexionar sobre la necesidad de cuidar y proteger el medio ambiente.<br>Tambi\u00e9n hemos contado con la sorprendente e inesperada visita de \u201cD. Miguel de Cervantes\u201d, que se ha paseado por todas las aulas narr\u00e1ndoles a los alumnos algunos aspectos de su vida y, sobre todo, de su principal obra: El Ingenioso Hidalgo D. Quijote de la Mancha\u201d.<br>Los alumnos han disfrutado con tan insigne personaje y han le\u00eddo o escuchado  algunos cap\u00edtulos de la obra.<br>La AMPA ha colaborado con un concurso de microrrelatos que tienen como eje central el coronavirus.<br>El \u00e1rea de cultura del Ayuntamiento ha invitado a los alumnos de tercer ciclo de primaria a visitar la biblioteca municipal, explicando el funcionamiento de la misma y, facilitando el carnet de socio a los asistentes.<br>La Sra. Alcaldesa ha le\u00eddo en la plaza de la iglesia un manifiesto en fomento de la lectura.<br>Tambi\u00e9n el alumnado de nuestro centro asisti\u00f3 en el polideportivo al teatro \u201cUna aventura especial\u201d por parte de la compa\u00f1\u00eda de Ciencia divertida.<br>Todas estas actividades han estado pensadas en favorecer el gusto y disfrute por la lectura.<\/p>\n\n\n<div class='iframe-container'><iframe src='https:\/\/drive.google.com\/file\/d\/1kxTNtUfY-DsWW3eodR3IreY08szR_PxJ\/preview '><\/iframe><\/div><div class='infovideo'>Si no es posible reproducir el video, pulse en &quot;Abrir en ventana externa&quot;<\/br><\/div>\n","protected":false},"excerpt":{"rendered":"<p>Durante la semana del 19 al 23 de abril, la comunidad educativa del CEIP San Francisco, ha programado diversas actividades para conmemorar el D\u00eda del Libro.Desde la biblioteca del centro, se ha realizado un gran mural, con un libro gigante del que fluyen cientos de t\u00edtulos de libros aportados por todos los alumnos. Dichos libros contienen, adem\u00e1s de ilustraciones, frases<\/p>\n<p><a class=\"more-link\" href=\"https:\/\/ceipsanfranciscocajar.es\/index.php\/2021\/05\/05\/dia-del-libro\/\">Leer m\u00e1s<\/a><\/p>\n","protected":false},"author":2,"featured_media":888,"comment_status":"open","ping_status":"open","sticky":false,"template":"","format":"standard","meta":[],"categories":[2],"tags":[],"_links":{"self":[{"href":"https:\/\/ceipsanfranciscocajar.es\/index.php\/wp-json\/wp\/v2\/posts\/885"}],"collection":[{"href":"https:\/\/ceipsanfranciscocajar.es\/index.php\/wp-json\/wp\/v2\/posts"}],"about":[{"href":"https:\/\/ceipsanfranciscocajar.es\/index.php\/wp-json\/wp\/v2\/types\/post"}],"author":[{"embeddable":true,"href":"https:\/\/ceipsanfranciscocajar.es\/index.php\/wp-json\/wp\/v2\/users\/2"}],"replies":[{"embeddable":true,"href":"https:\/\/ceipsanfranciscocajar.es\/index.php\/wp-json\/wp\/v2\/comments?post=885"}],"version-history":[{"count":2,"href":"https:\/\/ceipsanfranciscocajar.es\/index.php\/wp-json\/wp\/v2\/posts\/885\/revisions"}],"predecessor-version":[{"id":887,"href":"https:\/\/ceipsanfranciscocajar.es\/index.php\/wp-json\/wp\/v2\/posts\/885\/revisions\/887"}],"wp:featuredmedia":[{"embeddable":true,"href":"https:\/\/ceipsanfranciscocajar.es\/index.php\/wp-json\/wp\/v2\/media\/888"}],"wp:attachment":[{"href":"https:\/\/ceipsanfranciscocajar.es\/index.php\/wp-json\/wp\/v2\/media?parent=885"}],"wp:term":[{"taxonomy":"category","embeddable":true,"href":"https:\/\/ceipsanfranciscocajar.es\/index.php\/wp-json\/wp\/v2\/categories?post=885"},{"taxonomy":"post_tag","embeddable":true,"href":"https:\/\/ceipsanfranciscocajar.es\/index.php\/wp-json\/wp\/v2\/tags?post=885"}],"curies":[{"name":"wp","href":"https:\/\/api.w.org\/{rel}","templated":true}]}}