{"id":989,"date":"2021-09-15T10:50:59","date_gmt":"2021-09-15T08:50:59","guid":{"rendered":"https:\/\/ceipsanfranciscocajar.es\/?p=989"},"modified":"2022-06-29T10:46:59","modified_gmt":"2022-06-29T08:46:59","slug":"menu-escolar-del-10-de-septiembre-al-8-de-octubre","status":"publish","type":"post","link":"https:\/\/ceipsanfranciscocajar.es\/index.php\/2021\/09\/15\/menu-escolar-del-10-de-septiembre-al-8-de-octubre\/","title":{"rendered":"Men\u00fa escolar del 10 de septiembre al 8 de octubre."},"content":{"rendered":"\n<div class=\"wp-block-file\"><a href=\"https:\/\/ceipsanfranciscocajar.es\/wp-content\/uploads\/2021\/09\/menu\u0301-basal-cc-21-22_bloque-1-mc.pdf\"><b>Men\u00fa. Bloque 1. Del 10 de septiembre al 8 de octubre<\/b><\/a><a href=\"https:\/\/ceipsanfranciscocajar.es\/wp-content\/uploads\/2021\/09\/menu\u0301-basal-cc-21-22_bloque-1-mc.pdf\" class=\"wp-block-file__button\" download>Descarga<\/a><\/div>\n\n\n\n<div class=\"wp-block-file\"><a href=\"https:\/\/ceipsanfranciscocajar.es\/wp-content\/uploads\/2021\/09\/CARTA-INICIO.pdf\"><b>Informaci\u00f3n de la gesti\u00f3n del servicio de comedor para el curso 2021-2022<\/b><\/a><a href=\"https:\/\/ceipsanfranciscocajar.es\/wp-content\/uploads\/2021\/09\/CARTA-INICIO.pdf\" class=\"wp-block-file__button\" download>Descarga<\/a><\/div>\n\n\n\n<p class=\"has-medium-font-size\"><strong>Gesti\u00f3n del servicio del servicio de comedor para el curso 2021-2022. <\/strong><\/p>\n\n\n\n<span class=\"su-dropcap su-dropcap-style-flat\" style=\"font-size:2em\">E<\/span>stimadas familias,<\/p>\n\n\n\n<p>Nos agrada comunicarles que el grupo Mediterr\u00e1nea de catering es la empresa que gestionar\u00e1 el servicio de comedor durante este curso escolar.<\/p>\n\n\n\n<p>Los recibos de las cuotas del comedor se emitir\u00e1n a mes vencido entre 5-10 del siguiente mes, a excepci\u00f3n de los meses de septiembre y octubre que se emitir\u00e1n casi conjuntamente cuando hayan sido publicadas las bonificaciones definitivas, rogamos que lo tengan en cuenta para evitar posibles devoluciones.<\/p>\n\n\n\n<p>El pago del comedor se realizar\u00e1 solo y exclusivamente a trav\u00e9s de domiciliaci\u00f3n bancaria (el comensal solo podr\u00e1 tener asignado un \u00fanico n\u00famero de cuenta).<\/p>\n\n\n\n<p>Aquellos usuarios que no dispongan de n\u00famero de cta. bancaria causar\u00e1n baja inmediata en el comedor.<\/p>\n\n\n\n<p>Por causas motivadas de impago de recibo, la empresa adjudicataria del servicio podr\u00e1 autorizar en conjunto con el Centro la baja temporal o definitiva de los usuarios del servicio de comedor.<\/p>\n\n\n\n<p>En el supuesto de falta de asistencia (d\u00edas sueltos), el comensal deber\u00e1 abonar el 100%, si no existe preaviso de tres d\u00edas.<\/p>\n\n\n\n<p>La notificaci\u00f3n de la No asistencia o faltas este curso se debe de tramitar a trav\u00e9s de la web de padres (en el mes de septiembre y parte de octubre a\u00fan no est\u00e1n registrados correctamente todos los usuarios con sus bonificaciones por los cual le aconsejamos que la falta la tramite a trav\u00e9s del correo de administraci\u00f3n) y en el caso de que no est\u00e9 registrado puede enviarlo a <strong>administracion.andalucia@mediterranea-group.com<\/strong> con un preaviso de tres d\u00edas (no se contesta a estos mails, existe una respuesta autom\u00e1tica para garantizar su recepci\u00f3n).<\/p>\n\n\n\n<p>En el caso de enfermedad, se le descontar\u00e1 la No asistencia del alumn@ al comedor hasta el mismo d\u00eda del servicio, aportando justificaci\u00f3n\/cita m\u00e9dica al mismo correo electr\u00f3nico.<\/p>\n\n\n\n<p>El resto de las incidencias se tramitar\u00e1n a trav\u00e9s del mismo mail y le daremos una contestaci\u00f3n a la mayor brevedad posible.<\/p>\n\n\n\n<p>Si el alumno requiere una dieta especial debe aportar informe del alerg\u00f3logo\/pediatra y la dieta la recibir\u00e1n en el centro en un tiempo m\u00e1ximo a los 10 d\u00edas de la recepci\u00f3n del informe m\u00e9dico al mail <strong>dietetica.andalucia@mediterranea- group.com<\/strong> .<\/p>\n","protected":false},"excerpt":{"rendered":"<p>Men\u00fa y carta a las familias con informaci\u00f3n del servicio.<\/p>\n","protected":false},"author":1,"featured_media":994,"comment_status":"open","ping_status":"open","sticky":false,"template":"","format":"standard","meta":[],"categories":[5],"tags":[],"_links":{"self":[{"href":"https:\/\/ceipsanfranciscocajar.es\/index.php\/wp-json\/wp\/v2\/posts\/989"}],"collection":[{"href":"https:\/\/ceipsanfranciscocajar.es\/index.php\/wp-json\/wp\/v2\/posts"}],"about":[{"href":"https:\/\/ceipsanfranciscocajar.es\/index.php\/wp-json\/wp\/v2\/types\/post"}],"author":[{"embeddable":true,"href":"https:\/\/ceipsanfranciscocajar.es\/index.php\/wp-json\/wp\/v2\/users\/1"}],"replies":[{"embeddable":true,"href":"https:\/\/ceipsanfranciscocajar.es\/index.php\/wp-json\/wp\/v2\/comments?post=989"}],"version-history":[{"count":5,"href":"https:\/\/ceipsanfranciscocajar.es\/index.php\/wp-json\/wp\/v2\/posts\/989\/revisions"}],"predecessor-version":[{"id":995,"href":"https:\/\/ceipsanfranciscocajar.es\/index.php\/wp-json\/wp\/v2\/posts\/989\/revisions\/995"}],"wp:featuredmedia":[{"embeddable":true,"href":"https:\/\/ceipsanfranciscocajar.es\/index.php\/wp-json\/wp\/v2\/media\/994"}],"wp:attachment":[{"href":"https:\/\/ceipsanfranciscocajar.es\/index.php\/wp-json\/wp\/v2\/media?parent=989"}],"wp:term":[{"taxonomy":"category","embeddable":true,"href":"https:\/\/ceipsanfranciscocajar.es\/index.php\/wp-json\/wp\/v2\/categories?post=989"},{"taxonomy":"post_tag","embeddable":true,"href":"https:\/\/ceipsanfranciscocajar.es\/index.php\/wp-json\/wp\/v2\/tags?post=989"}],"curies":[{"name":"wp","href":"https:\/\/api.w.org\/{rel}","templated":true}]}}